{"id":998,"date":"2013-11-08T09:30:59","date_gmt":"2013-11-08T08:30:59","guid":{"rendered":"https:\/\/www.mtveddesse.de\/?p=998"},"modified":"2013-11-08T09:32:26","modified_gmt":"2013-11-08T08:32:26","slug":"mtv-eddesse-damengymnastik-mit-fahrrad-und-rikscha-durch-koln","status":"publish","type":"post","link":"https:\/\/www.mtveddesse.de\/?p=998","title":{"rendered":"MTV Eddesse Damengymnastik &#8211; Mit Fahrrad und Rikscha durch K\u00f6ln"},"content":{"rendered":"<p>&nbsp;<\/p>\n<div id=\"attachment_999\" style=\"width: 310px\" class=\"wp-caption aligncenter\"><a href=\"https:\/\/www.mtveddesse.de\/wp-content\/uploads\/2013\/11\/Gruppe.jpg\"><img loading=\"lazy\" decoding=\"async\" aria-describedby=\"caption-attachment-999\" class=\"size-medium wp-image-999\" src=\"https:\/\/www.mtveddesse.de\/wp-content\/uploads\/2013\/11\/Gruppe-300x168.jpg\" alt=\"Damengymnastik\" width=\"300\" height=\"168\" srcset=\"https:\/\/www.mtveddesse.de\/wp-content\/uploads\/2013\/11\/Gruppe-300x168.jpg 300w, https:\/\/www.mtveddesse.de\/wp-content\/uploads\/2013\/11\/Gruppe-1024x576.jpg 1024w\" sizes=\"auto, (max-width: 300px) 100vw, 300px\" \/><\/a><p id=\"caption-attachment-999\" class=\"wp-caption-text\">Damengymnastik<\/p><\/div>\n<p class=\"MsoNormal\" style=\"line-height: 150%\">Die munteren und fidelen M\u00e4dels der Damen-Gymnastik-Gruppe des MTV Eddesse haben ihren diesj\u00e4hrigen Ausflug \u00fcber das Wochenende mal etwas anders gestaltet. Dabei ist die sportliche Seite aber auch nicht zu kurz gekommen: mit Fahrr\u00e4dern und einer Rikscha ging es auf den Spuren r\u00f6mischer, mittelalterlicher und preu\u00dfischer Einfl\u00fcsse den Rhein entlang. Der Gr\u00fcng\u00fcrtel, der neue Rheinauhafen und das Zentrum der Altstadt mit Rathaus und Dom wurden auf diese Art mal anders erfahren. Mittels fachkundiger F\u00fchrung hat die bezaubernde Elisabeth die Geschichte dieser wohl \u00e4ltesten Stadt Deutschlands auf interessante und schillernde Weise den Zuh\u00f6rern dargebracht. Die Route f\u00fchrte abseits der Hauptverkehrsstra\u00dfen zu den Sehensw\u00fcrdigkeiten, die nicht nur aus Kirchen bestehen. So gibt es f\u00fcr die bunte Vielfalt der Einwohner auch bemerkenswerte Synagogen und eine neue Moschee. Nat\u00fcrlich durfte am Abend die K\u00f6lsch-Tour durch etliche Braugastst\u00e4tten mit den unterschiedlichsten K\u00f6lsch-Sorten nicht fehlen, sollten doch Einblicke in die \u201eK\u00f6lsche Lebensart\u201c gewonnen werden. Dennoch waren alle am n\u00e4chsten Tag wieder fit um einige Museen, darunter nat\u00fcrlich das ber\u00fchmte Farina-Haus, in dem vor ca. 300 Jahren die Erfolgsgeschichte der Eau de Cologne begann, zu besuchen. Papa Joe&#8217;s Kleinkunstb\u00fchne hat das Nachtprogramm abgerundet. So gab es viel Spa\u00df an der Freude. Aber wie hei\u00dft es doch in einem Song: Die Karawane zieht weiter&#8230;.und dank der Deutschen Bahn sind alle wieder p\u00fcnktlich am Sonntagabend zu Hause angekommen. So kann es jetzt Dienstags abends beim w\u00f6chentlichen Sport noch sch\u00f6ne Erinnerungen geben.<\/p>\n<div id=\"attachment_1000\" style=\"width: 310px\" class=\"wp-caption aligncenter\"><a href=\"https:\/\/www.mtveddesse.de\/wp-content\/uploads\/2013\/11\/Fahrr\u251c\u00f1der.jpg\"><img loading=\"lazy\" decoding=\"async\" aria-describedby=\"caption-attachment-1000\" class=\"size-medium wp-image-1000\" src=\"https:\/\/www.mtveddesse.de\/wp-content\/uploads\/2013\/11\/Fahrr\u251c\u00f1der-300x225.jpg\" alt=\"Mit dem Fahrrad durch K\u00f6ln\" width=\"300\" height=\"225\" srcset=\"https:\/\/www.mtveddesse.de\/wp-content\/uploads\/2013\/11\/Fahrr\u251c\u00f1der-300x225.jpg 300w, https:\/\/www.mtveddesse.de\/wp-content\/uploads\/2013\/11\/Fahrr\u251c\u00f1der-1024x768.jpg 1024w\" sizes=\"auto, (max-width: 300px) 100vw, 300px\" \/><\/a><p id=\"caption-attachment-1000\" class=\"wp-caption-text\">Mit dem Fahrrad durch K\u00f6ln<\/p><\/div>\n<p class=\"MsoNormal\" style=\"line-height: 150%;text-align: center\">\n<div id=\"attachment_1001\" style=\"width: 310px\" class=\"wp-caption aligncenter\"><a href=\"https:\/\/www.mtveddesse.de\/wp-content\/uploads\/2013\/11\/Dom.jpg\"><img loading=\"lazy\" decoding=\"async\" aria-describedby=\"caption-attachment-1001\" class=\"size-medium wp-image-1001\" src=\"https:\/\/www.mtveddesse.de\/wp-content\/uploads\/2013\/11\/Dom-300x225.jpg\" alt=\"K\u00f6lner Dom\" width=\"300\" height=\"225\" srcset=\"https:\/\/www.mtveddesse.de\/wp-content\/uploads\/2013\/11\/Dom-300x225.jpg 300w, https:\/\/www.mtveddesse.de\/wp-content\/uploads\/2013\/11\/Dom-1024x768.jpg 1024w\" sizes=\"auto, (max-width: 300px) 100vw, 300px\" \/><\/a><p id=\"caption-attachment-1001\" class=\"wp-caption-text\">K\u00f6lner Dom<\/p><\/div>\n<p class=\"MsoNormal\" style=\"line-height: 150%\">Ute Jordan, Eddesse<\/p>\n","protected":false},"excerpt":{"rendered":"<p>&nbsp; Die munteren und fidelen M\u00e4dels der Damen-Gymnastik-Gruppe des MTV Eddesse haben ihren diesj\u00e4hrigen Ausflug \u00fcber das Wochenende mal etwas anders gestaltet. Dabei ist die sportliche Seite aber auch nicht zu kurz gekommen: mit Fahrr\u00e4dern und einer Rikscha ging es auf den Spuren r\u00f6mischer, mittelalterlicher und preu\u00dfischer Einfl\u00fcsse den Rhein entlang. Der Gr\u00fcng\u00fcrtel, der neue [&hellip;]<\/p>\n","protected":false},"author":3,"featured_media":0,"comment_status":"open","ping_status":"open","sticky":false,"template":"","format":"standard","meta":{"footnotes":""},"categories":[23,24],"tags":[110,104,77,113,111,103,112],"class_list":["post-998","post","type-post","status-publish","format-standard","hentry","category-breiten-und-gesundheitssport","category-damen-gymnastik","tag-damengymnastik","tag-eddesse","tag-fahrrad","tag-koln","tag-mit","tag-mtv","tag-rikscha"],"_links":{"self":[{"href":"https:\/\/www.mtveddesse.de\/index.php?rest_route=\/wp\/v2\/posts\/998","targetHints":{"allow":["GET"]}}],"collection":[{"href":"https:\/\/www.mtveddesse.de\/index.php?rest_route=\/wp\/v2\/posts"}],"about":[{"href":"https:\/\/www.mtveddesse.de\/index.php?rest_route=\/wp\/v2\/types\/post"}],"author":[{"embeddable":true,"href":"https:\/\/www.mtveddesse.de\/index.php?rest_route=\/wp\/v2\/users\/3"}],"replies":[{"embeddable":true,"href":"https:\/\/www.mtveddesse.de\/index.php?rest_route=%2Fwp%2Fv2%2Fcomments&post=998"}],"version-history":[{"count":2,"href":"https:\/\/www.mtveddesse.de\/index.php?rest_route=\/wp\/v2\/posts\/998\/revisions"}],"predecessor-version":[{"id":1003,"href":"https:\/\/www.mtveddesse.de\/index.php?rest_route=\/wp\/v2\/posts\/998\/revisions\/1003"}],"wp:attachment":[{"href":"https:\/\/www.mtveddesse.de\/index.php?rest_route=%2Fwp%2Fv2%2Fmedia&parent=998"}],"wp:term":[{"taxonomy":"category","embeddable":true,"href":"https:\/\/www.mtveddesse.de\/index.php?rest_route=%2Fwp%2Fv2%2Fcategories&post=998"},{"taxonomy":"post_tag","embeddable":true,"href":"https:\/\/www.mtveddesse.de\/index.php?rest_route=%2Fwp%2Fv2%2Ftags&post=998"}],"curies":[{"name":"wp","href":"https:\/\/api.w.org\/{rel}","templated":true}]}}