{"id":488,"date":"2010-06-08T09:58:41","date_gmt":"2010-06-08T08:58:41","guid":{"rendered":"https:\/\/www.mtveddesse.de\/?p=488"},"modified":"2012-04-12T10:37:29","modified_gmt":"2012-04-12T09:37:29","slug":"b-jugend-gewinnt-kreispokalfinale","status":"publish","type":"post","link":"https:\/\/www.mtveddesse.de\/?p=488","title":{"rendered":"B-Jugend gewinnt Kreispokalfinale"},"content":{"rendered":"<p>In einem spannenden Pokalfinale gewannen die Jungs mit 3:2 (0:1) gegen den Top-Favoriten und Kreisligameister TSV Eixe. Nur 8 Tage nach der deutlichen 0:5 Punktspielniederlage standen sich beide Mannschaften nun im Pokalfinale in Bortfeld erneut gegen\u00fcber. Hoch motiviert und nach dem Motto &#8222;der Pokal hat seine eigenen Gesetze&#8220; wollten die Jungs Revanche f\u00fcr die Niederlage in der Meisterschaft nehmen.<\/p>\n<p>In der Anfangsphase war Eixe pr\u00e4senter, kombinierte gut und ging in der 22. Minute verdient mit 1:0 in F\u00fchrung. In der Folgezeit konnten die Jungs zwar ihre anf\u00e4ngliche Nervosit\u00e4t etwas ablegen, ohne sich jedoch zwingende Torchancen herauszuspielen.<\/p>\n<p>Bei sommerlich heissen Temperaturen galt es in der Halbzeitpause neue Kr\u00e4fte zu mobilisieren und die Jungs taktisch neu einzustellen. Kurz nach wieder Anpfiff fast das 0:2; die Latte rettet zum Gl\u00fcck!<\/p>\n<p>Danach kamen die verrueckten 6 Minuten von Mathis Luther. In der 47., 50. und 53. Minute erzielte Mathis einen lupenreinen Hattrick. 2 x spielte er die Eixer Abwehrspieler aus und schob den Ball am Torwart vorbei. Beim 3. Tor verwandelte er einen direkten Freistoss. Die Spieler und die Anh\u00e4nger der JSG waren aus dem H\u00e4uschen und trauten Ihren Augen nicht. Eixe erh\u00f6hte nun m\u00e4chtig die Schlagzahl. Vor und in unserem Strafraum ging es hoch her und leider viel bereits in der 60 Minute der Anschlusstreffer f\u00fcr Eixe. In den verbleibenden 20 Minuten hielt unsere Abwehr dem Druck der Eixer stand und wir h\u00e4tten durch mehrere hochkar\u00e4tige Konterm\u00f6glichkeiten weitere Tore erzielen m\u00fcssen. Als der Schiri nach 3 Nachspielminuten das Spiel endlich abpfiff kannte die Freude keine Grenzen. Ersatzspieler und Trainer st\u00fcrmten den Platz und lagen sich jubelnd in den Armen.<\/p>\n<p>Herzlichen Gl\u00fcckwunsch zu dieser super Mannschaftsleistung und der enormen k\u00e4mpferischen Einstellung.<\/p>\n<blockquote><p>Danke an Detlev Kr\u00fcger f\u00fcr den interessanten und packenden Bericht!<\/p><\/blockquote>\n<p>&nbsp;<\/p>\n","protected":false},"excerpt":{"rendered":"<p>In einem spannenden Pokalfinale gewannen die Jungs mit 3:2 (0:1) gegen den Top-Favoriten und Kreisligameister TSV Eixe. Nur 8 Tage nach der deutlichen 0:5 Punktspielniederlage standen sich beide Mannschaften nun im Pokalfinale in Bortfeld erneut gegen\u00fcber. Hoch motiviert und nach dem Motto &#8222;der Pokal hat seine eigenen Gesetze&#8220; wollten die Jungs Revanche f\u00fcr die Niederlage [&hellip;]<\/p>\n","protected":false},"author":1,"featured_media":0,"comment_status":"open","ping_status":"open","sticky":false,"template":"","format":"standard","meta":{"footnotes":""},"categories":[21,29,20],"tags":[36,163,75],"class_list":["post-488","post","type-post","status-publish","format-standard","hentry","category-fussball","category-jugend","category-sport-beim-mtv","tag-fussball-2","tag-jugend","tag-pokal"],"_links":{"self":[{"href":"https:\/\/www.mtveddesse.de\/index.php?rest_route=\/wp\/v2\/posts\/488","targetHints":{"allow":["GET"]}}],"collection":[{"href":"https:\/\/www.mtveddesse.de\/index.php?rest_route=\/wp\/v2\/posts"}],"about":[{"href":"https:\/\/www.mtveddesse.de\/index.php?rest_route=\/wp\/v2\/types\/post"}],"author":[{"embeddable":true,"href":"https:\/\/www.mtveddesse.de\/index.php?rest_route=\/wp\/v2\/users\/1"}],"replies":[{"embeddable":true,"href":"https:\/\/www.mtveddesse.de\/index.php?rest_route=%2Fwp%2Fv2%2Fcomments&post=488"}],"version-history":[{"count":4,"href":"https:\/\/www.mtveddesse.de\/index.php?rest_route=\/wp\/v2\/posts\/488\/revisions"}],"predecessor-version":[{"id":492,"href":"https:\/\/www.mtveddesse.de\/index.php?rest_route=\/wp\/v2\/posts\/488\/revisions\/492"}],"wp:attachment":[{"href":"https:\/\/www.mtveddesse.de\/index.php?rest_route=%2Fwp%2Fv2%2Fmedia&parent=488"}],"wp:term":[{"taxonomy":"category","embeddable":true,"href":"https:\/\/www.mtveddesse.de\/index.php?rest_route=%2Fwp%2Fv2%2Fcategories&post=488"},{"taxonomy":"post_tag","embeddable":true,"href":"https:\/\/www.mtveddesse.de\/index.php?rest_route=%2Fwp%2Fv2%2Ftags&post=488"}],"curies":[{"name":"wp","href":"https:\/\/api.w.org\/{rel}","templated":true}]}}