{"id":48286,"date":"2023-04-18T15:19:32","date_gmt":"2023-04-18T14:19:32","guid":{"rendered":"https:\/\/www.mtveddesse.de\/?p=48286"},"modified":"2023-04-18T15:19:32","modified_gmt":"2023-04-18T14:19:32","slug":"einladung-jahreshauptversammlung-06-mai-2023","status":"publish","type":"post","link":"https:\/\/www.mtveddesse.de\/?p=48286","title":{"rendered":"Einladung Jahreshauptversammlung 06. Mai 2023"},"content":{"rendered":"<p>Der MTV l\u00e4dt recht herzlich zur Jahreshauptversammlung ein.<\/p>\n<ol start=\"6\">\n<li>Mai 2023 um 15\/00 Uhr auf dem MTV-Sportgel\u00e4nde.<\/li>\n<\/ol>\n<p>Tagesordnung<\/p>\n<ol>\n<li>Begr\u00fc\u00dfung<\/li>\n<li>Feststellung der ordnungsgem\u00e4\u00dfen Einladung<\/li>\n<li>Gru\u00dfworte der G\u00e4ste<\/li>\n<li>Ehrung der Verstorbenen<\/li>\n<li>Berichte Vorstand und \u00dcbungsleiter<\/li>\n<li>Bericht Kassenf\u00fchrer<\/li>\n<li>Bericht Kassenpr\u00fcfer und Antrag auf Entlastung des Vorstandes<\/li>\n<li>Ehrungen<\/li>\n<li>Wahl des gesamten Vorstandes<\/li>\n<li>Verschiedenes<\/li>\n<\/ol>\n<p>Nach Ende der Veranstaltung l\u00e4dt der Vorstand zum Umtrunk inkl. Imbiss ein.<\/p>\n<p>&nbsp;<\/p>\n<p>Antr\u00e4ge zur Jahreshauptversammlung bitte schriftlich bis zum 25.04.2023 beim 1. Vorsitzenden Harro Hein, In der Worth 12, 31234 Edemissen einreichen.<\/p>\n<p>Im Namen des Vorstandes<\/p>\n<p>gez: Harro Hein<\/p>\n","protected":false},"excerpt":{"rendered":"<p>Der MTV l\u00e4dt recht herzlich zur Jahreshauptversammlung ein. Mai 2023 um 15\/00 Uhr auf dem MTV-Sportgel\u00e4nde. Tagesordnung Begr\u00fc\u00dfung Feststellung der ordnungsgem\u00e4\u00dfen Einladung Gru\u00dfworte der G\u00e4ste Ehrung der Verstorbenen Berichte Vorstand und \u00dcbungsleiter Bericht Kassenf\u00fchrer Bericht Kassenpr\u00fcfer und Antrag auf Entlastung des Vorstandes Ehrungen Wahl des gesamten Vorstandes Verschiedenes Nach Ende der Veranstaltung l\u00e4dt der Vorstand [&hellip;]<\/p>\n","protected":false},"author":3,"featured_media":0,"comment_status":"closed","ping_status":"open","sticky":false,"template":"","format":"standard","meta":{"footnotes":""},"categories":[31,50,33],"tags":[175,176,48,128,174,173],"class_list":["post-48286","post","type-post","status-publish","format-standard","hentry","category-informationen-rund-um-den-verein","category-veranstaltungen","category-vorstandsinformationen","tag-1-vorsitzender","tag-harro-hein","tag-jahreshauptversammlung","tag-mtv-eddesse","tag-neuwahlen","tag-wahlen"],"_links":{"self":[{"href":"https:\/\/www.mtveddesse.de\/index.php?rest_route=\/wp\/v2\/posts\/48286","targetHints":{"allow":["GET"]}}],"collection":[{"href":"https:\/\/www.mtveddesse.de\/index.php?rest_route=\/wp\/v2\/posts"}],"about":[{"href":"https:\/\/www.mtveddesse.de\/index.php?rest_route=\/wp\/v2\/types\/post"}],"author":[{"embeddable":true,"href":"https:\/\/www.mtveddesse.de\/index.php?rest_route=\/wp\/v2\/users\/3"}],"replies":[{"embeddable":true,"href":"https:\/\/www.mtveddesse.de\/index.php?rest_route=%2Fwp%2Fv2%2Fcomments&post=48286"}],"version-history":[{"count":1,"href":"https:\/\/www.mtveddesse.de\/index.php?rest_route=\/wp\/v2\/posts\/48286\/revisions"}],"predecessor-version":[{"id":48287,"href":"https:\/\/www.mtveddesse.de\/index.php?rest_route=\/wp\/v2\/posts\/48286\/revisions\/48287"}],"wp:attachment":[{"href":"https:\/\/www.mtveddesse.de\/index.php?rest_route=%2Fwp%2Fv2%2Fmedia&parent=48286"}],"wp:term":[{"taxonomy":"category","embeddable":true,"href":"https:\/\/www.mtveddesse.de\/index.php?rest_route=%2Fwp%2Fv2%2Fcategories&post=48286"},{"taxonomy":"post_tag","embeddable":true,"href":"https:\/\/www.mtveddesse.de\/index.php?rest_route=%2Fwp%2Fv2%2Ftags&post=48286"}],"curies":[{"name":"wp","href":"https:\/\/api.w.org\/{rel}","templated":true}]}}