{"id":48281,"date":"2023-02-24T10:34:45","date_gmt":"2023-02-24T09:34:45","guid":{"rendered":"https:\/\/www.mtveddesse.de\/?p=48281"},"modified":"2023-02-24T10:34:45","modified_gmt":"2023-02-24T09:34:45","slug":"neu-die-klangmaeuse-beim-mtv-eddesse","status":"publish","type":"post","link":"https:\/\/www.mtveddesse.de\/?p=48281","title":{"rendered":"*NEU: Die Klangm\u00e4use beim MTV Eddesse*"},"content":{"rendered":"<h2 style=\"text-align: center;\"><strong>*NEU: Die Klangm\u00e4use beim MTV Eddesse*<\/strong><\/h2>\n<p style=\"text-align: center;\">\n<strong>Start:<\/strong> ab 15.M\u00e4rz 2023<br \/>\nDer Liederkreis f\u00fcr Kinder von 1 bis 3 Jahren<br \/>\n(Wir singen, tanzen, spielen, entspannen und haben einfach Spa\u00df)<\/p>\n<p>&nbsp;<\/p>\n<p><a href=\"https:\/\/www.mtveddesse.de\/wp-content\/uploads\/2023\/02\/NEU-beim-MTV-Eddesse-Die-Klangmaeuse-Foto.docx\">NEU beim MTV Eddesse Die Klangm\u00e4use &#8211; Foto<\/a><\/p>\n<h3 style=\"text-align: center;\">\n<strong>Singen macht gl\u00fccklich, fit und schlau! <\/strong><\/h3>\n<p style=\"text-align: center;\">Singen sollte ein wichtiger Bestandteil des Familienalltags sein, denn Singen macht gl\u00fccklich, sprachlich fit und f\u00f6rdert die geistige Entwicklung des Kindes. Eltern, die mit ihren Kindern singen, teilen ihrem Kind mehr von ihrer Pers\u00f6nlichkeit und ihren authentischen Emotionen mit, als wenn sie nur mit ihnen sprechen w\u00fcrden. Dies wirkt sich nat\u00fcrlich sehr f\u00f6rdernd auf die emotionale Bindung zwischen Eltern und Kind aus. Manche Eltern scheuen sich zu singen, weil sie glauben, nicht singen zu k\u00f6nnen. Aber die eigenen Kinder finden die Stimmen ihrer Eltern immer toll und es interessiert sie nicht, ob Melodie oder Text nicht ganz richtig wiedergegeben werden. Hauptsache Mama oder Papa singen, wie, ist ihnen v\u00f6llig egal! Also traut euch!<\/p>\n<p style=\"text-align: center;\"><strong>Kommt gern zu einer kostenlosen Schnupperstunde vorbei, Ich freue mich sehr auf euch! \ud83d\ude09<\/strong><\/p>\n<p style=\"text-align: center;\"><strong>WANN?<\/strong> : Jeden Mittwoch von 16:00 Uhr bis 17:00 Uhr<br \/>\n<strong>WO?<\/strong>: Im DGH Eddesse, Dollberger Str.12<\/p>\n<p style=\"text-align: center;\"><strong>Kontakt f\u00fcr alle interessierten Eltern:<\/strong><br \/>\n\u00dcbungsleiterin: Sabrina M\u00fcller (0174 \u2013 95 73 85 4)<\/p>\n<p style=\"text-align: center;\">\n<strong>WER kann mitmachen?<\/strong>: Alle Kinder im Alter von 1 bis 3 Jahren gerne mit Mama oder\/und Papa<\/p>\n<p style=\"text-align: center;\">\n","protected":false},"excerpt":{"rendered":"<p>*NEU: Die Klangm\u00e4use beim MTV Eddesse* Start: ab 15.M\u00e4rz 2023 Der Liederkreis f\u00fcr Kinder von 1 bis 3 Jahren (Wir singen, tanzen, spielen, entspannen und haben einfach Spa\u00df) &nbsp; NEU beim MTV Eddesse Die Klangm\u00e4use &#8211; Foto Singen macht gl\u00fccklich, fit und schlau! Singen sollte ein wichtiger Bestandteil des Familienalltags sein, denn Singen macht gl\u00fccklich, [&hellip;]<\/p>\n","protected":false},"author":49,"featured_media":0,"comment_status":"closed","ping_status":"open","sticky":false,"template":"","format":"standard","meta":{"footnotes":""},"categories":[14],"tags":[],"class_list":["post-48281","post","type-post","status-publish","format-standard","hentry","category-allgemeine-information"],"_links":{"self":[{"href":"https:\/\/www.mtveddesse.de\/index.php?rest_route=\/wp\/v2\/posts\/48281","targetHints":{"allow":["GET"]}}],"collection":[{"href":"https:\/\/www.mtveddesse.de\/index.php?rest_route=\/wp\/v2\/posts"}],"about":[{"href":"https:\/\/www.mtveddesse.de\/index.php?rest_route=\/wp\/v2\/types\/post"}],"author":[{"embeddable":true,"href":"https:\/\/www.mtveddesse.de\/index.php?rest_route=\/wp\/v2\/users\/49"}],"replies":[{"embeddable":true,"href":"https:\/\/www.mtveddesse.de\/index.php?rest_route=%2Fwp%2Fv2%2Fcomments&post=48281"}],"version-history":[{"count":1,"href":"https:\/\/www.mtveddesse.de\/index.php?rest_route=\/wp\/v2\/posts\/48281\/revisions"}],"predecessor-version":[{"id":48283,"href":"https:\/\/www.mtveddesse.de\/index.php?rest_route=\/wp\/v2\/posts\/48281\/revisions\/48283"}],"wp:attachment":[{"href":"https:\/\/www.mtveddesse.de\/index.php?rest_route=%2Fwp%2Fv2%2Fmedia&parent=48281"}],"wp:term":[{"taxonomy":"category","embeddable":true,"href":"https:\/\/www.mtveddesse.de\/index.php?rest_route=%2Fwp%2Fv2%2Fcategories&post=48281"},{"taxonomy":"post_tag","embeddable":true,"href":"https:\/\/www.mtveddesse.de\/index.php?rest_route=%2Fwp%2Fv2%2Ftags&post=48281"}],"curies":[{"name":"wp","href":"https:\/\/api.w.org\/{rel}","templated":true}]}}