{"id":406,"date":"2010-04-23T17:46:16","date_gmt":"2010-04-23T16:46:16","guid":{"rendered":"https:\/\/www.mtveddesse.de\/?p=406"},"modified":"2012-04-12T09:49:21","modified_gmt":"2012-04-12T08:49:21","slug":"120-jahre-mtv-eddesse-an-himmelfahrt","status":"publish","type":"post","link":"https:\/\/www.mtveddesse.de\/?p=406","title":{"rendered":"120 Jahre MTV Eddesse an Himmelfahrt"},"content":{"rendered":"<p>Der MTV Eddesse von 1890 feiert dieses Jahr sein 120 j\u00e4hriges\u00a0 Bestehen. Am 13.05.2010 (Christi Himmelfahrt) wird es aus diesem Anlass eine Jubil\u00e4umsfeier f\u00fcr alle Mitglieder, Eddesser B\u00fcrger und Freunde des Vereins geben.<\/p>\n<p>Ab 11.00 Uhr wird auf dem Eddesser Sportplatz unter dem Motto &#8222;MTV &#8211; der\u00a0 Verein f\u00fcr die ganze Familie&#8220; gefeiert. Die Veranstaltung wird mit einem Feldgottesdienst durch die Pastorin Sabine Ahlbrecht er\u00f6ffnet.<\/p>\n<p>Ab 12.00 Uhr gibt es \u00fcber den ganzen Tag hinweg ein buntes Rahmenprogramm.<\/p>\n<p>Neben Spiel und Spa\u00df f\u00fcr die Kinder &#8211; Das &#8222;Spielmobil des NFV&#8220; macht mit einer gro\u00dfen H\u00fcpfburg Halt in Eddesse &#8211; pr\u00e4sentieren sich viele Sparten des MTV den Besuchern. Tanzeinlagen der Jazzdancegruppen, &#8222;Trommelfeuer&#8220; der Gesundheitssportler oder auch das Fussball Jux-Turnier. Am Jux-Turnier werden zahlreiche Eddesser Vereine teilnehmen. Unter anderem auch eine All-Star Mannschaft, die von Harro Hein gecoacht wird. Er\u00f6ffnet wird das Turnier von einem prominenten \u00dcberraschungsgast unseres Partnervereins VfL Wolfsburg.<\/p>\n<p>W\u00e4hrend der gesamten Veranstaltung gibt es nat\u00fcrlich Getr\u00e4nke und Gegrilltes. Am Nachmittag zus\u00e4tzlich ein reichhaltiges Kuchenbuffet.<\/p>\n<p>&nbsp;<\/p>\n","protected":false},"excerpt":{"rendered":"<p>Der MTV Eddesse von 1890 feiert dieses Jahr sein 120 j\u00e4hriges\u00a0 Bestehen. Am 13.05.2010 (Christi Himmelfahrt) wird es aus diesem Anlass eine Jubil\u00e4umsfeier f\u00fcr alle Mitglieder, Eddesser B\u00fcrger und Freunde des Vereins geben. Ab 11.00 Uhr wird auf dem Eddesser Sportplatz unter dem Motto &#8222;MTV &#8211; der\u00a0 Verein f\u00fcr die ganze Familie&#8220; gefeiert. Die Veranstaltung [&hellip;]<\/p>\n","protected":false},"author":1,"featured_media":0,"comment_status":"open","ping_status":"open","sticky":false,"template":"","format":"standard","meta":{"footnotes":""},"categories":[31,50],"tags":[67,66],"class_list":["post-406","post","type-post","status-publish","format-standard","hentry","category-informationen-rund-um-den-verein","category-veranstaltungen","tag-geburtstag","tag-jubilaum"],"_links":{"self":[{"href":"https:\/\/www.mtveddesse.de\/index.php?rest_route=\/wp\/v2\/posts\/406","targetHints":{"allow":["GET"]}}],"collection":[{"href":"https:\/\/www.mtveddesse.de\/index.php?rest_route=\/wp\/v2\/posts"}],"about":[{"href":"https:\/\/www.mtveddesse.de\/index.php?rest_route=\/wp\/v2\/types\/post"}],"author":[{"embeddable":true,"href":"https:\/\/www.mtveddesse.de\/index.php?rest_route=\/wp\/v2\/users\/1"}],"replies":[{"embeddable":true,"href":"https:\/\/www.mtveddesse.de\/index.php?rest_route=%2Fwp%2Fv2%2Fcomments&post=406"}],"version-history":[{"count":4,"href":"https:\/\/www.mtveddesse.de\/index.php?rest_route=\/wp\/v2\/posts\/406\/revisions"}],"predecessor-version":[{"id":435,"href":"https:\/\/www.mtveddesse.de\/index.php?rest_route=\/wp\/v2\/posts\/406\/revisions\/435"}],"wp:attachment":[{"href":"https:\/\/www.mtveddesse.de\/index.php?rest_route=%2Fwp%2Fv2%2Fmedia&parent=406"}],"wp:term":[{"taxonomy":"category","embeddable":true,"href":"https:\/\/www.mtveddesse.de\/index.php?rest_route=%2Fwp%2Fv2%2Fcategories&post=406"},{"taxonomy":"post_tag","embeddable":true,"href":"https:\/\/www.mtveddesse.de\/index.php?rest_route=%2Fwp%2Fv2%2Ftags&post=406"}],"curies":[{"name":"wp","href":"https:\/\/api.w.org\/{rel}","templated":true}]}}