{"id":2109,"date":"2021-09-10T18:28:53","date_gmt":"2021-09-10T17:28:53","guid":{"rendered":"https:\/\/www.mtveddesse.de\/?p=2109"},"modified":"2021-09-10T18:28:53","modified_gmt":"2021-09-10T17:28:53","slug":"jahreshauptversammlung-24-september-2021","status":"publish","type":"post","link":"https:\/\/www.mtveddesse.de\/?p=2109","title":{"rendered":"Jahreshauptversammlung 24. September 2021"},"content":{"rendered":"<p>&nbsp;<\/p>\n<p>MTV Eddesse e.V.\u00a0\u00a0\u00a0\u00a0\u00a0\u00a0\u00a0\u00a0\u00a0\u00a0\u00a0\u00a0\u00a0\u00a0\u00a0\u00a0\u00a0\u00a0\u00a0\u00a0\u00a0\u00a0\u00a0\u00a0\u00a0\u00a0\u00a0\u00a0\u00a0\u00a0\u00a0\u00a0\u00a0\u00a0\u00a0\u00a0\u00a0\u00a0\u00a0\u00a0\u00a0\u00a0\u00a0\u00a0\u00a0\u00a0\u00a0\u00a0\u00a0\u00a0\u00a0\u00a0\u00a0\u00a0\u00a0\u00a0\u00a0\u00a0\u00a0\u00a0\u00a0\u00a0\u00a0\u00a0\u00a0\u00a0\u00a0\u00a0\u00a0\u00a0\u00a0\u00a0\u00a0\u00a0\u00a0 Eddesse, 31. August 2021<\/p>\n<p>c\/o Harro Hein<br \/>\nIn der Worth 12<br \/>\n31234 Edemissen<\/p>\n<p>&nbsp;<\/p>\n<p>Der MTV l\u00e4dt recht herzlich zur Jahreshauptversammlung ein.<\/p>\n<p>24. September 2021 um 19\/30 Uhr im CANER&#8217;S (ehemals SportklauseThea Klar).<\/p>\n<p><strong>Es gilt die 3G-Regel, bitte FFP2 Maske mitf\u00fchren.<\/strong><\/p>\n<p>&nbsp;<\/p>\n<p><strong>Tagesordnung<\/strong><\/p>\n<ol>\n<li>Begr\u00fc\u00dfung<\/li>\n<li>Feststellung der ordnungsgem\u00e4\u00dfen Einladung<\/li>\n<li>Gru\u00dfworte der G\u00e4ste<\/li>\n<li>Ehrung der Verstorbenen<\/li>\n<li>Berichte Vorstand und \u00dcbungsleiter<\/li>\n<li>Bericht Kassenf\u00fchrer<\/li>\n<li>Bericht Kassenpr\u00fcfer und Antrag auf Entlastung des Vorstandes<\/li>\n<li>Wahl\u00a0 Kassenpr\u00fcfer<\/li>\n<li>Ehrungen<\/li>\n<li>Satzungs\u00e4nderung <em>\u00a7 17 Ehrenamtspauschale <\/em>Text: <em><strong>\u201eDie Mitgliederversammlung kann bei Bedarf und unter Ber\u00fccksichtigung der\u00a0 Haushaltslage beschlie\u00dfen, dass Vereins- und Organ\u00e4mter entgeltlich\u00a0 gegen Zahlung einer pauschalierten Aufwandsentsch\u00e4digung ausge\u00fcbt werden.\u201c<\/strong><\/em><\/li>\n<li>Vorstandswahlen, der gesamte Vorstand wird gew\u00e4hlt<\/li>\n<li>Verschiedenes<\/li>\n<\/ol>\n<p>&nbsp;<\/p>\n<p>Antr\u00e4ge zur Jahreshauptversammlung bitte schriftlich bis zum 17.09.2021 beim 1. Vorsitzenden Harro Hein, In der Worth 12, 31234 Edemissen einreichen.<\/p>\n<p>Im Namen des Vorstandes<\/p>\n<p>Harro Hein<\/p>\n<p>&nbsp;<\/p>\n<p>&nbsp;<\/p>\n","protected":false},"excerpt":{"rendered":"<p>&nbsp; MTV Eddesse e.V.\u00a0\u00a0\u00a0\u00a0\u00a0\u00a0\u00a0\u00a0\u00a0\u00a0\u00a0\u00a0\u00a0\u00a0\u00a0\u00a0\u00a0\u00a0\u00a0\u00a0\u00a0\u00a0\u00a0\u00a0\u00a0\u00a0\u00a0\u00a0\u00a0\u00a0\u00a0\u00a0\u00a0\u00a0\u00a0\u00a0\u00a0\u00a0\u00a0\u00a0\u00a0\u00a0\u00a0\u00a0\u00a0\u00a0\u00a0\u00a0\u00a0\u00a0\u00a0\u00a0\u00a0\u00a0\u00a0\u00a0\u00a0\u00a0\u00a0\u00a0\u00a0\u00a0\u00a0\u00a0\u00a0\u00a0\u00a0\u00a0\u00a0\u00a0\u00a0\u00a0\u00a0\u00a0\u00a0 Eddesse, 31. August 2021 c\/o Harro Hein In der Worth 12 31234 Edemissen &nbsp; Der MTV l\u00e4dt recht herzlich zur Jahreshauptversammlung ein. 24. September 2021 um 19\/30 Uhr im CANER&#8217;S (ehemals SportklauseThea Klar). Es gilt die 3G-Regel, bitte FFP2 Maske mitf\u00fchren. &nbsp; Tagesordnung Begr\u00fc\u00dfung Feststellung der ordnungsgem\u00e4\u00dfen Einladung Gru\u00dfworte der G\u00e4ste [&hellip;]<\/p>\n","protected":false},"author":49,"featured_media":0,"comment_status":"closed","ping_status":"open","sticky":false,"template":"","format":"standard","meta":{"footnotes":""},"categories":[14],"tags":[],"class_list":["post-2109","post","type-post","status-publish","format-standard","hentry","category-allgemeine-information"],"_links":{"self":[{"href":"https:\/\/www.mtveddesse.de\/index.php?rest_route=\/wp\/v2\/posts\/2109","targetHints":{"allow":["GET"]}}],"collection":[{"href":"https:\/\/www.mtveddesse.de\/index.php?rest_route=\/wp\/v2\/posts"}],"about":[{"href":"https:\/\/www.mtveddesse.de\/index.php?rest_route=\/wp\/v2\/types\/post"}],"author":[{"embeddable":true,"href":"https:\/\/www.mtveddesse.de\/index.php?rest_route=\/wp\/v2\/users\/49"}],"replies":[{"embeddable":true,"href":"https:\/\/www.mtveddesse.de\/index.php?rest_route=%2Fwp%2Fv2%2Fcomments&post=2109"}],"version-history":[{"count":4,"href":"https:\/\/www.mtveddesse.de\/index.php?rest_route=\/wp\/v2\/posts\/2109\/revisions"}],"predecessor-version":[{"id":2113,"href":"https:\/\/www.mtveddesse.de\/index.php?rest_route=\/wp\/v2\/posts\/2109\/revisions\/2113"}],"wp:attachment":[{"href":"https:\/\/www.mtveddesse.de\/index.php?rest_route=%2Fwp%2Fv2%2Fmedia&parent=2109"}],"wp:term":[{"taxonomy":"category","embeddable":true,"href":"https:\/\/www.mtveddesse.de\/index.php?rest_route=%2Fwp%2Fv2%2Fcategories&post=2109"},{"taxonomy":"post_tag","embeddable":true,"href":"https:\/\/www.mtveddesse.de\/index.php?rest_route=%2Fwp%2Fv2%2Ftags&post=2109"}],"curies":[{"name":"wp","href":"https:\/\/api.w.org\/{rel}","templated":true}]}}