{"id":1911,"date":"2019-08-19T16:24:33","date_gmt":"2019-08-19T15:24:33","guid":{"rendered":"https:\/\/www.mtveddesse.de\/?p=1911"},"modified":"2019-08-19T16:26:22","modified_gmt":"2019-08-19T15:26:22","slug":"verabschiedung-unseres-platzwartes-otto","status":"publish","type":"post","link":"https:\/\/www.mtveddesse.de\/?p=1911","title":{"rendered":"Verabschiedung unseres Platzwartes Otto"},"content":{"rendered":"<p>Der 78-j\u00e4hrige Otto Willmer hat nach 30 Jahren als Platzwart sein Amt aus gesundheitlichen Gr\u00fcnen niedergelegt. 47 Mitglieder und Freunde des MTV Eddesse hatten sich zusammen mit dem 79-j\u00e4hrigen <em>Bernie<\/em> Kaiser aus Kanada\/Calgary auf dem MTV-Platz zum\u00a0 Grill-Fr\u00fchschoppen eingefunden. Der 1. Vorsitzende Harro Hein dankte im Namen aller Mitglieder und trug Gedanken von Ute Jordan (Schriftf\u00fchrerin) vor (siehe unten).<\/p>\n<p><a href=\"https:\/\/www.mtveddesse.de\/wp-content\/uploads\/2019\/08\/mtv-abschied-otto.jpg\"><img loading=\"lazy\" decoding=\"async\" class=\"aligncenter size-medium wp-image-1912\" title=\"mtv-abschied-otto\" src=\"https:\/\/www.mtveddesse.de\/wp-content\/uploads\/2019\/08\/mtv-abschied-otto-225x300.jpg\" alt=\"\" width=\"225\" height=\"300\" srcset=\"https:\/\/www.mtveddesse.de\/wp-content\/uploads\/2019\/08\/mtv-abschied-otto-225x300.jpg 225w, https:\/\/www.mtveddesse.de\/wp-content\/uploads\/2019\/08\/mtv-abschied-otto-768x1024.jpg 768w, https:\/\/www.mtveddesse.de\/wp-content\/uploads\/2019\/08\/mtv-abschied-otto.jpg 1200w\" sizes=\"auto, (max-width: 225px) 100vw, 225px\" \/><\/a><\/p>\n<p><strong>Im Namen aller Vereinsmitglieder nochmals herzlichen Dank f\u00fcr Deine Zuverl\u00e4ssigkeit und Dein Engagement f\u00fcr den Verein. Danke !!!<\/strong><\/p>\n<p>&nbsp;<\/p>\n<p>Gedanken zum Abschied von Otto Willmer (von Ute Jordan, Schriftf\u00fchrerin)<br \/>\nUnser guter Otto Willmer hat sein ganzes Leben dem Fu\u00dfball und dem MTV Eddesse gewidmet:<\/p>\n<p>Er hat sich in jungen Jahren als aktiver Spieler versucht, dann aber seine Passion in der Betreuung der Herrenmannschaften und diversen Jugendmannschaften gefunden. Schlussendlich hat er als vorz\u00fcglicher Platzwart f\u00fcr einen tadellosen Zustand der Rasenfl\u00e4chen und der Sportanlage insgesamt gesorgt. Hierf\u00fcr ist ihm der MTV Eddesse unendlich dankbar.<\/p>\n<p>Wie gut sich unser Otto um seine \u201eJungs\u201c gesorgt hat, sollen ein paar Beispiele verdeutlichen.<\/p>\n<p>So hat in Zeiten, als der MTV noch \u00fcber drei Herrenmannschaften verf\u00fcgte, die in verschiedenen Klassen aktiv waren, es Otto Willmer geschafft, einen ausgesprochenen Profi mit Namen Peter Anker aus Meinersen f\u00fcr die 2. Herren auf eigene Kosten zu verpflichten. Dieser gute Mann blieb seinem Unterst\u00fctzer Otto und der 2. Herren \u00fcber Jahre fest verbunden, auch wenn manch Einer ihn gern in der ersten Herren gesehen h\u00e4tte. Die \u00e4lteren Mitglieder im Verein k\u00f6nnen sich noch gut daran erinnern.<\/p>\n<p>Mit welchem Einsatz sich unser guter Otto auch f\u00fcr die Jugend eingesetzt hat, erz\u00e4hlt man sich mit einer anderen Geschichte. So ist ja bekannt, dass Otto Willmer die Entscheidungen der Schiedsrichter immer sehr kritisch beobachtete. Die Eddesser traten in Schellerten bei wirklich schlechtem Wetter auf einem Schlammplatz an und m\u00fchten sich redlich. Nach Spielende muss es aber wohl eine Spielanalyse zwischen Otto als Betreuer und dem damaligen Schiedsrichter gegeben haben, die dazu f\u00fchrte, dass der Schiri auf Socken unseren Otto \u00fcber den Schlammplatz jagte. Ob er ihn gekriegt hat, ist nicht \u00fcberliefert.<\/p>\n<p>Aber unser Otto hatte andererseits auch ein gutes Verh\u00e4ltnis zu den Schiedsrichtern. So ist auch bekannt, dass unser seliger Schiri Erich Schindler oftmals Otto in sp\u00e4teren Jahren auf dem Platz getroffen hat, und zwar nicht nur, um ihm Blumen in den Weg zu pflanzen.<\/p>\n<p>Die Sportanlage sehe nicht so aus, wenn Otto Willmer sich nicht jahrelang um die Bew\u00e4sserung, den D\u00fcnger, ungebetene G\u00e4ste, die Platzsperrung und Anderes gesorgt h\u00e4tte. Auch wenn sich in den letzten 9 Jahren eine Rentner-Arbeitsgruppe an der Platzpflege beteiligt hat, war es doch in erster Linie Otto Willmer, der zu jeder Tageszeit die Sportanlage betreut hat, solange die Gesundheit es hergab. Hierf\u00fcr dankt ihm der MTV Eddesse sehr herzlich und verabschiedet heute Otto mit einem weinenden Auge. Wir w\u00fcnschen noch viele erholsame Jahre bei guter Gesundheit.<\/p>\n<p>&nbsp;<\/p>\n<p><strong>Wer etwas Zeit und Lust hat, sich um die Aufgaben eines Platzwartes zu k\u00fcmmern oder jemanden kennt,der das machen m\u00f6chte, der wendet sich bitte an Uwe oder Harro.<\/strong><\/p>\n<p>&nbsp;<\/p>\n<p>&nbsp;<\/p>\n","protected":false},"excerpt":{"rendered":"<p>Der 78-j\u00e4hrige Otto Willmer hat nach 30 Jahren als Platzwart sein Amt aus gesundheitlichen Gr\u00fcnen niedergelegt. 47 Mitglieder und Freunde des MTV Eddesse hatten sich zusammen mit dem 79-j\u00e4hrigen Bernie Kaiser aus Kanada\/Calgary auf dem MTV-Platz zum\u00a0 Grill-Fr\u00fchschoppen eingefunden. Der 1. Vorsitzende Harro Hein dankte im Namen aller Mitglieder und trug Gedanken von Ute Jordan [&hellip;]<\/p>\n","protected":false},"author":40,"featured_media":0,"comment_status":"open","ping_status":"open","sticky":false,"template":"","format":"standard","meta":{"footnotes":""},"categories":[31,50],"tags":[158,157],"class_list":["post-1911","post","type-post","status-publish","format-standard","hentry","category-informationen-rund-um-den-verein","category-veranstaltungen","tag-grillen","tag-platzwart"],"_links":{"self":[{"href":"https:\/\/www.mtveddesse.de\/index.php?rest_route=\/wp\/v2\/posts\/1911","targetHints":{"allow":["GET"]}}],"collection":[{"href":"https:\/\/www.mtveddesse.de\/index.php?rest_route=\/wp\/v2\/posts"}],"about":[{"href":"https:\/\/www.mtveddesse.de\/index.php?rest_route=\/wp\/v2\/types\/post"}],"author":[{"embeddable":true,"href":"https:\/\/www.mtveddesse.de\/index.php?rest_route=\/wp\/v2\/users\/40"}],"replies":[{"embeddable":true,"href":"https:\/\/www.mtveddesse.de\/index.php?rest_route=%2Fwp%2Fv2%2Fcomments&post=1911"}],"version-history":[{"count":4,"href":"https:\/\/www.mtveddesse.de\/index.php?rest_route=\/wp\/v2\/posts\/1911\/revisions"}],"predecessor-version":[{"id":1915,"href":"https:\/\/www.mtveddesse.de\/index.php?rest_route=\/wp\/v2\/posts\/1911\/revisions\/1915"}],"wp:attachment":[{"href":"https:\/\/www.mtveddesse.de\/index.php?rest_route=%2Fwp%2Fv2%2Fmedia&parent=1911"}],"wp:term":[{"taxonomy":"category","embeddable":true,"href":"https:\/\/www.mtveddesse.de\/index.php?rest_route=%2Fwp%2Fv2%2Fcategories&post=1911"},{"taxonomy":"post_tag","embeddable":true,"href":"https:\/\/www.mtveddesse.de\/index.php?rest_route=%2Fwp%2Fv2%2Ftags&post=1911"}],"curies":[{"name":"wp","href":"https:\/\/api.w.org\/{rel}","templated":true}]}}