{"id":1781,"date":"2019-03-02T11:46:58","date_gmt":"2019-03-02T10:46:58","guid":{"rendered":"https:\/\/www.mtveddesse.de\/?p=1781"},"modified":"2019-03-02T13:22:01","modified_gmt":"2019-03-02T12:22:01","slug":"d-jugend-und-a-jugend-werden-hallenmeister","status":"publish","type":"post","link":"https:\/\/www.mtveddesse.de\/?p=1781","title":{"rendered":"D- Jugend und A-Jugend werden Hallenmeister"},"content":{"rendered":"<p>Unsere Jugendspielgemeinschaft der D- Jugend und der A-Jugend sind Futsal-Hallenmeister geworden.<\/p>\n<p><a href=\"https:\/\/www.mtveddesse.de\/wp-content\/uploads\/2019\/03\/IMG-20190224-WA0003.jpg\"><img loading=\"lazy\" decoding=\"async\" class=\"alignleft size-medium wp-image-1782\" title=\"IMG-20190224-WA0003\" src=\"https:\/\/www.mtveddesse.de\/wp-content\/uploads\/2019\/03\/IMG-20190224-WA0003-230x300.jpg\" alt=\"\" width=\"230\" height=\"300\" srcset=\"https:\/\/www.mtveddesse.de\/wp-content\/uploads\/2019\/03\/IMG-20190224-WA0003-230x300.jpg 230w, https:\/\/www.mtveddesse.de\/wp-content\/uploads\/2019\/03\/IMG-20190224-WA0003-785x1024.jpg 785w, https:\/\/www.mtveddesse.de\/wp-content\/uploads\/2019\/03\/IMG-20190224-WA0003.jpg 1227w\" sizes=\"auto, (max-width: 230px) 100vw, 230px\" \/><\/a><\/p>\n<p>&nbsp;<\/p>\n<p>&nbsp;<\/p>\n<p><a href=\"https:\/\/www.mtveddesse.de\/wp-content\/uploads\/2019\/03\/D1.jpg\"><img loading=\"lazy\" decoding=\"async\" class=\"aligncenter size-medium wp-image-1784\" title=\"D\" src=\"https:\/\/www.mtveddesse.de\/wp-content\/uploads\/2019\/03\/D1-300x107.jpg\" alt=\"\" width=\"300\" height=\"107\" srcset=\"https:\/\/www.mtveddesse.de\/wp-content\/uploads\/2019\/03\/D1-300x107.jpg 300w, https:\/\/www.mtveddesse.de\/wp-content\/uploads\/2019\/03\/D1.jpg 593w\" sizes=\"auto, (max-width: 300px) 100vw, 300px\" \/><\/a><\/p>\n<p>&nbsp;<\/p>\n<p>&nbsp;<\/p>\n<p>&nbsp;<\/p>\n<p>&nbsp;<\/p>\n<p>&nbsp;<\/p>\n<p>&nbsp;<\/p>\n<p>&nbsp;<\/p>\n<p><a href=\"https:\/\/www.mtveddesse.de\/wp-content\/uploads\/2019\/03\/A-Bild1.jpg\"><img loading=\"lazy\" decoding=\"async\" class=\"alignleft size-medium wp-image-1796\" title=\"A Bild\" src=\"https:\/\/www.mtveddesse.de\/wp-content\/uploads\/2019\/03\/A-Bild1-242x300.jpg\" alt=\"\" width=\"242\" height=\"300\" srcset=\"https:\/\/www.mtveddesse.de\/wp-content\/uploads\/2019\/03\/A-Bild1-242x300.jpg 242w, https:\/\/www.mtveddesse.de\/wp-content\/uploads\/2019\/03\/A-Bild1-828x1024.jpg 828w, https:\/\/www.mtveddesse.de\/wp-content\/uploads\/2019\/03\/A-Bild1.jpg 883w\" sizes=\"auto, (max-width: 242px) 100vw, 242px\" \/><\/a><\/p>\n<p>&nbsp;<\/p>\n<p>&nbsp;<\/p>\n<p style=\"text-align: center;\">\u00a0<a href=\"https:\/\/www.mtveddesse.de\/wp-content\/uploads\/2019\/03\/A2.jpg\"><img loading=\"lazy\" decoding=\"async\" class=\"aligncenter size-medium wp-image-1797\" title=\"A\" src=\"https:\/\/www.mtveddesse.de\/wp-content\/uploads\/2019\/03\/A2-300x101.jpg\" alt=\"\" width=\"216\" height=\"73\" srcset=\"https:\/\/www.mtveddesse.de\/wp-content\/uploads\/2019\/03\/A2-300x101.jpg 300w, https:\/\/www.mtveddesse.de\/wp-content\/uploads\/2019\/03\/A2.jpg 621w\" sizes=\"auto, (max-width: 216px) 100vw, 216px\" \/><\/a><\/p>\n<p>&nbsp;<\/p>\n<p>&nbsp;<\/p>\n<p>&nbsp;<\/p>\n<p>&nbsp;<\/p>\n<p>&nbsp;<\/p>\n<p>&nbsp;<\/p>\n<p>&nbsp;<\/p>\n<p>&nbsp;<\/p>\n<p>&nbsp;<\/p>\n<p>Herzlich Gl\u00fcckwunsch an beide Mannschaften und viel Erfolg f\u00fcr die kommende R\u00fcckrunde auf Rasen.<\/p>\n","protected":false},"excerpt":{"rendered":"<p>Unsere Jugendspielgemeinschaft der D- Jugend und der A-Jugend sind Futsal-Hallenmeister geworden. &nbsp; &nbsp; &nbsp; &nbsp; &nbsp; &nbsp; &nbsp; &nbsp; &nbsp; &nbsp; &nbsp; \u00a0 &nbsp; &nbsp; &nbsp; &nbsp; &nbsp; &nbsp; &nbsp; &nbsp; &nbsp; Herzlich Gl\u00fcckwunsch an beide Mannschaften und viel Erfolg f\u00fcr die kommende R\u00fcckrunde auf Rasen.<\/p>\n","protected":false},"author":40,"featured_media":0,"comment_status":"open","ping_status":"open","sticky":false,"template":"","format":"standard","meta":{"footnotes":""},"categories":[88,91,21,14],"tags":[163],"class_list":["post-1781","post","type-post","status-publish","format-standard","hentry","category-a-jugend","category-d-jugend","category-fussball","category-allgemeine-information","tag-jugend"],"_links":{"self":[{"href":"https:\/\/www.mtveddesse.de\/index.php?rest_route=\/wp\/v2\/posts\/1781","targetHints":{"allow":["GET"]}}],"collection":[{"href":"https:\/\/www.mtveddesse.de\/index.php?rest_route=\/wp\/v2\/posts"}],"about":[{"href":"https:\/\/www.mtveddesse.de\/index.php?rest_route=\/wp\/v2\/types\/post"}],"author":[{"embeddable":true,"href":"https:\/\/www.mtveddesse.de\/index.php?rest_route=\/wp\/v2\/users\/40"}],"replies":[{"embeddable":true,"href":"https:\/\/www.mtveddesse.de\/index.php?rest_route=%2Fwp%2Fv2%2Fcomments&post=1781"}],"version-history":[{"count":17,"href":"https:\/\/www.mtveddesse.de\/index.php?rest_route=\/wp\/v2\/posts\/1781\/revisions"}],"predecessor-version":[{"id":1807,"href":"https:\/\/www.mtveddesse.de\/index.php?rest_route=\/wp\/v2\/posts\/1781\/revisions\/1807"}],"wp:attachment":[{"href":"https:\/\/www.mtveddesse.de\/index.php?rest_route=%2Fwp%2Fv2%2Fmedia&parent=1781"}],"wp:term":[{"taxonomy":"category","embeddable":true,"href":"https:\/\/www.mtveddesse.de\/index.php?rest_route=%2Fwp%2Fv2%2Fcategories&post=1781"},{"taxonomy":"post_tag","embeddable":true,"href":"https:\/\/www.mtveddesse.de\/index.php?rest_route=%2Fwp%2Fv2%2Ftags&post=1781"}],"curies":[{"name":"wp","href":"https:\/\/api.w.org\/{rel}","templated":true}]}}